{"id":2042,"date":"2025-10-16T14:28:08","date_gmt":"2025-10-16T17:28:08","guid":{"rendered":"http:\/\/cpa.uea.edu.br\/?p=2042"},"modified":"2025-10-16T19:49:44","modified_gmt":"2025-10-16T22:49:44","slug":"cpa-da-uea-e-cbmam-realizam-preparativos-para-a-autoavaliacao-do-curso-de-formacao-de-oficiais","status":"publish","type":"post","link":"http:\/\/cpa.uea.edu.br\/index.php\/2025\/10\/16\/cpa-da-uea-e-cbmam-realizam-preparativos-para-a-autoavaliacao-do-curso-de-formacao-de-oficiais\/","title":{"rendered":"CPA da UEA e CBMAM realizam preparativos para a Autoavalia\u00e7\u00e3o do Curso de Forma\u00e7\u00e3o de Oficiais"},"content":{"rendered":"\n<figure class=\"wp-block-image size-large\"><img loading=\"lazy\" decoding=\"async\" width=\"1024\" height=\"636\" src=\"http:\/\/cpa.uea.edu.br\/wp-content\/uploads\/2025\/10\/WhatsApp-Image-2025-10-16-at-11.30.46-1-1024x636.jpeg\" alt=\"\" class=\"wp-image-2044\" srcset=\"http:\/\/cpa.uea.edu.br\/wp-content\/uploads\/2025\/10\/WhatsApp-Image-2025-10-16-at-11.30.46-1-1024x636.jpeg 1024w, http:\/\/cpa.uea.edu.br\/wp-content\/uploads\/2025\/10\/WhatsApp-Image-2025-10-16-at-11.30.46-1-300x186.jpeg 300w, http:\/\/cpa.uea.edu.br\/wp-content\/uploads\/2025\/10\/WhatsApp-Image-2025-10-16-at-11.30.46-1-768x477.jpeg 768w, http:\/\/cpa.uea.edu.br\/wp-content\/uploads\/2025\/10\/WhatsApp-Image-2025-10-16-at-11.30.46-1-1536x954.jpeg 1536w, http:\/\/cpa.uea.edu.br\/wp-content\/uploads\/2025\/10\/WhatsApp-Image-2025-10-16-at-11.30.46-1.jpeg 1600w\" sizes=\"auto, (max-width: 1024px) 100vw, 1024px\" \/><\/figure>\n\n\n\n<p>Em julho de 2025, a Comiss\u00e3o Pr\u00f3pria de Avalia\u00e7\u00e3o (CPA) iniciou as an\u00e1lises, estudos e planejamento visando os preparativos para a <strong>Autoavalia\u00e7\u00e3o<\/strong> (ou avalia\u00e7\u00e3o interna) do curso superior em Tecnologia de Gest\u00e3o, Governan\u00e7a de Riscos e Desastres, uma coopera\u00e7\u00e3o entre a Universidade do Estado do Amazonas (UEA) e a Secretaria de Seguran\u00e7a P\u00fablica do Amazonas (SSP\/AM), objetivando formar os novos oficiais do Corpo de Bombeiros Militares do Estado do Amazonas (CBMAM).<\/p>\n\n\n\n<p>A iniciativa tem como Coordenador Geral o Prof. Dr. Antonio Estanislau Sanches, ladeado pelo Coordenador Militar, Ten Cel Jos\u00e9 Ricardo Cristie Carmo da Rocha, comandante da Academia de Bombeiros Militar do Amazonas.<\/p>\n\n\n\n<p>O Corpo T\u00e9cnico da CPA realizou visitas \u00e0s unidades e seus instrutores que capacitaram e formaram os alunos-oficiais durante os semestres letivos, incluindo entrevistas com esses em suas especialidades, numa preliminar compreens\u00e3o da realidade instrucional, equipagens e metodologia aplicada aos alunos-oficiais, dentre outros assuntos correlatos, que serviram para a elabora\u00e7\u00e3o do \u201cprojeto de autoavalia\u00e7\u00e3o do curso\u201d, o qual possui peculiaridades em rela\u00e7\u00e3o aos demais cursos regulares e especiais desenvolvidos pela Universidade do Estado do Amazonas (UEA).<\/p>\n\n\n\n<p>O planejamento e o projeto de autoavalia\u00e7\u00e3o do curso foram aprovados pelas Coordena\u00e7\u00f5es (acad\u00eamica e militar), sendo a pesquisa aplicada aos alunos-oficiais e docentes nos dias 26 e 27 de agosto, com apresenta\u00e7\u00e3o dos dados estat\u00edsticos coletados no dia 18 de setembro, culminando na emiss\u00e3o do <strong>Relat\u00f3rio Estat\u00edstico da CPA<\/strong>, tendo seus \u201cpontos de aten\u00e7\u00e3o\u201d e \u201cproposituras\u201d dialogadas com as Coordena\u00e7\u00f5es envolvidas, com especial aten\u00e7\u00e3o \u00e0s \u201cproposituras\u201d elencadas pela CPA.<\/p>\n\n\n\n<p>Esperamos lograr o melhor \u00eaxito poss\u00edvel na avalia\u00e7\u00e3o externa, a partir das orienta\u00e7\u00f5es promovidas pela CPA em suas reuni\u00f5es, documentos e relat\u00f3rio, de forma que o curso possa ser avaliado pelo Conselho Estadual de Educa\u00e7\u00e3o do Amazonas (CEE\/AM).<br><br>Acesse abaixo o Relat\u00f3rio Estat\u00edstico da Comiss\u00e3o Pr\u00f3pria de Avalia\u00e7\u00e3o com Pontos de Aten\u00e7\u00e3o e Proposituras: <br><br><a href=\"https:\/\/drive.google.com\/file\/d\/17CuvD4k_LOZpH1p_VXIepw7u6s6ZQclt\/view\" target=\"_blank\" rel=\"noopener\" title=\"\">https:\/\/drive.google.com\/file\/d\/17CuvD4k_LOZpH1p_VXIepw7u6s6ZQclt\/view<\/a><br><\/p>\n\n\n\n<p><br><br><\/p>\n\n\n\n<p><\/p>\n","protected":false},"excerpt":{"rendered":"<p>Em julho de 2025, a Comiss\u00e3o Pr\u00f3pria de Avalia\u00e7\u00e3o (CPA) iniciou as an\u00e1lises, estudos e planejamento visando os preparativos para a Autoavalia\u00e7\u00e3o (ou avalia\u00e7\u00e3o interna) do curso superior em Tecnologia de Gest\u00e3o, Governan\u00e7a de Riscos e Desastres, uma coopera\u00e7\u00e3o entre a Universidade do Estado do Amazonas (UEA) e a Secretaria de Seguran\u00e7a P\u00fablica do Amazonas [&hellip;]<\/p>\n","protected":false},"author":5,"featured_media":2043,"comment_status":"open","ping_status":"open","sticky":false,"template":"","format":"standard","meta":{"footnotes":""},"categories":[6],"tags":[],"class_list":["post-2042","post","type-post","status-publish","format-standard","has-post-thumbnail","hentry","category-noticias"],"blocksy_meta":[],"aioseo_notices":[],"_links":{"self":[{"href":"http:\/\/cpa.uea.edu.br\/index.php\/wp-json\/wp\/v2\/posts\/2042","targetHints":{"allow":["GET"]}}],"collection":[{"href":"http:\/\/cpa.uea.edu.br\/index.php\/wp-json\/wp\/v2\/posts"}],"about":[{"href":"http:\/\/cpa.uea.edu.br\/index.php\/wp-json\/wp\/v2\/types\/post"}],"author":[{"embeddable":true,"href":"http:\/\/cpa.uea.edu.br\/index.php\/wp-json\/wp\/v2\/users\/5"}],"replies":[{"embeddable":true,"href":"http:\/\/cpa.uea.edu.br\/index.php\/wp-json\/wp\/v2\/comments?post=2042"}],"version-history":[{"count":6,"href":"http:\/\/cpa.uea.edu.br\/index.php\/wp-json\/wp\/v2\/posts\/2042\/revisions"}],"predecessor-version":[{"id":2054,"href":"http:\/\/cpa.uea.edu.br\/index.php\/wp-json\/wp\/v2\/posts\/2042\/revisions\/2054"}],"wp:featuredmedia":[{"embeddable":true,"href":"http:\/\/cpa.uea.edu.br\/index.php\/wp-json\/wp\/v2\/media\/2043"}],"wp:attachment":[{"href":"http:\/\/cpa.uea.edu.br\/index.php\/wp-json\/wp\/v2\/media?parent=2042"}],"wp:term":[{"taxonomy":"category","embeddable":true,"href":"http:\/\/cpa.uea.edu.br\/index.php\/wp-json\/wp\/v2\/categories?post=2042"},{"taxonomy":"post_tag","embeddable":true,"href":"http:\/\/cpa.uea.edu.br\/index.php\/wp-json\/wp\/v2\/tags?post=2042"}],"curies":[{"name":"wp","href":"https:\/\/api.w.org\/{rel}","templated":true}]}}