{"id":2035,"date":"2025-10-13T14:58:15","date_gmt":"2025-10-13T17:58:15","guid":{"rendered":"http:\/\/cpa.uea.edu.br\/?p=2035"},"modified":"2025-10-16T09:50:03","modified_gmt":"2025-10-16T12:50:03","slug":"reuniao-de-alinhamento-com-a-coordenacao-do-curso-de-licenciatura-em-letras-lingua-portuguesa-parintins-am-para-inicio-dos-preparativos-do-processo-de-avaliacao-externa-do-cee-am-10-10","status":"publish","type":"post","link":"http:\/\/cpa.uea.edu.br\/index.php\/2025\/10\/13\/reuniao-de-alinhamento-com-a-coordenacao-do-curso-de-licenciatura-em-letras-lingua-portuguesa-parintins-am-para-inicio-dos-preparativos-do-processo-de-avaliacao-externa-do-cee-am-10-10\/","title":{"rendered":"Reuni\u00e3o de Alinhamento com a Coordena\u00e7\u00e3o do Curso de Licenciatura em Letras \u2013 L\u00edngua Portuguesa, Parintins\/AM, para In\u00edcio dos Preparativos do Processo de Avalia\u00e7\u00e3o Externa do CEE\/AM."},"content":{"rendered":"\n<figure class=\"wp-block-image size-large\"><img loading=\"lazy\" decoding=\"async\" width=\"1024\" height=\"631\" src=\"http:\/\/cpa.uea.edu.br\/wp-content\/uploads\/2025\/10\/WhatsApp-Image-2025-10-13-at-12.10.09-1-1024x631.jpeg\" alt=\"\" class=\"wp-image-2037\" srcset=\"http:\/\/cpa.uea.edu.br\/wp-content\/uploads\/2025\/10\/WhatsApp-Image-2025-10-13-at-12.10.09-1-1024x631.jpeg 1024w, http:\/\/cpa.uea.edu.br\/wp-content\/uploads\/2025\/10\/WhatsApp-Image-2025-10-13-at-12.10.09-1-300x185.jpeg 300w, http:\/\/cpa.uea.edu.br\/wp-content\/uploads\/2025\/10\/WhatsApp-Image-2025-10-13-at-12.10.09-1-768x473.jpeg 768w, http:\/\/cpa.uea.edu.br\/wp-content\/uploads\/2025\/10\/WhatsApp-Image-2025-10-13-at-12.10.09-1.jpeg 1129w\" sizes=\"auto, (max-width: 1024px) 100vw, 1024px\" \/><\/figure>\n\n\n\n<p>No dia <strong>10 de outubro<\/strong>, foi realizada uma <strong>reuni\u00e3o de alinhamento com a Profa. Dra. Dilce Pio Nascimento<\/strong>, Coordenadora do curso de <strong>Licenciatura em Letras \u2013 L\u00edngua Portuguesa<\/strong> do polo de <strong>Parintins (AM)<\/strong>, com o prop\u00f3sito de <strong>iniciar os preparativos para o processo de Avalia\u00e7\u00e3o Externa<\/strong> a ser conduzido pelo <strong>Conselho Estadual de Educa\u00e7\u00e3o do Amazonas (CEE\/AM)<\/strong>.<\/p>\n\n\n\n<p>O encontro representou o <strong>in\u00edcio das a\u00e7\u00f5es de mobiliza\u00e7\u00e3o e planejamento<\/strong> voltadas \u00e0 Avalia\u00e7\u00e3o Externa, reafirmando o <strong>compromisso da coordena\u00e7\u00e3o com a qualidade acad\u00eamica e a consolida\u00e7\u00e3o do curso<\/strong> no \u00e2mbito institucional.<\/p>\n","protected":false},"excerpt":{"rendered":"<p>No dia 10 de outubro, foi realizada uma reuni\u00e3o de alinhamento com a Profa. Dra. Dilce Pio Nascimento, Coordenadora do curso de Licenciatura em Letras \u2013 L\u00edngua Portuguesa do polo de Parintins (AM), com o prop\u00f3sito de iniciar os preparativos para o processo de Avalia\u00e7\u00e3o Externa a ser conduzido pelo Conselho Estadual de Educa\u00e7\u00e3o do [&hellip;]<\/p>\n","protected":false},"author":5,"featured_media":2036,"comment_status":"open","ping_status":"open","sticky":false,"template":"","format":"standard","meta":{"footnotes":""},"categories":[6],"tags":[],"class_list":["post-2035","post","type-post","status-publish","format-standard","has-post-thumbnail","hentry","category-noticias"],"blocksy_meta":[],"aioseo_notices":[],"_links":{"self":[{"href":"http:\/\/cpa.uea.edu.br\/index.php\/wp-json\/wp\/v2\/posts\/2035","targetHints":{"allow":["GET"]}}],"collection":[{"href":"http:\/\/cpa.uea.edu.br\/index.php\/wp-json\/wp\/v2\/posts"}],"about":[{"href":"http:\/\/cpa.uea.edu.br\/index.php\/wp-json\/wp\/v2\/types\/post"}],"author":[{"embeddable":true,"href":"http:\/\/cpa.uea.edu.br\/index.php\/wp-json\/wp\/v2\/users\/5"}],"replies":[{"embeddable":true,"href":"http:\/\/cpa.uea.edu.br\/index.php\/wp-json\/wp\/v2\/comments?post=2035"}],"version-history":[{"count":2,"href":"http:\/\/cpa.uea.edu.br\/index.php\/wp-json\/wp\/v2\/posts\/2035\/revisions"}],"predecessor-version":[{"id":2040,"href":"http:\/\/cpa.uea.edu.br\/index.php\/wp-json\/wp\/v2\/posts\/2035\/revisions\/2040"}],"wp:featuredmedia":[{"embeddable":true,"href":"http:\/\/cpa.uea.edu.br\/index.php\/wp-json\/wp\/v2\/media\/2036"}],"wp:attachment":[{"href":"http:\/\/cpa.uea.edu.br\/index.php\/wp-json\/wp\/v2\/media?parent=2035"}],"wp:term":[{"taxonomy":"category","embeddable":true,"href":"http:\/\/cpa.uea.edu.br\/index.php\/wp-json\/wp\/v2\/categories?post=2035"},{"taxonomy":"post_tag","embeddable":true,"href":"http:\/\/cpa.uea.edu.br\/index.php\/wp-json\/wp\/v2\/tags?post=2035"}],"curies":[{"name":"wp","href":"https:\/\/api.w.org\/{rel}","templated":true}]}}