{"id":1919,"date":"2025-02-26T09:47:23","date_gmt":"2025-02-26T12:47:23","guid":{"rendered":"http:\/\/cpa.uea.edu.br\/?p=1919"},"modified":"2025-04-14T11:19:20","modified_gmt":"2025-04-14T14:19:20","slug":"reuniao-proint-e-coordenacao-de-cursos-modulados-mediados-com-apresentacao-da-cpa-e-e-a-importancia-da-avaliacao-institucional-e-de-cursos","status":"publish","type":"post","link":"http:\/\/cpa.uea.edu.br\/index.php\/2025\/02\/26\/reuniao-proint-e-coordenacao-de-cursos-modulados-mediados-com-apresentacao-da-cpa-e-e-a-importancia-da-avaliacao-institucional-e-de-cursos\/","title":{"rendered":"Reuni\u00e3o PROINT e Coordena\u00e7\u00e3o de Cursos Modulados\/Mediados com apresenta\u00e7\u00e3o da CPA e a import\u00e2ncia da Avalia\u00e7\u00e3o Institucional e de Cursos"},"content":{"rendered":"\n<p>Durante a reuni\u00e3o entre a PROINT e a Coordena\u00e7\u00e3o dos Cursos Modulados\/Mediados, a presidente da CPA, acompanhada pelo corpo t\u00e9cnico da comiss\u00e3o, apresentou a estrutura e as atividades da CPA. Na ocasi\u00e3o, foi destacada a import\u00e2ncia da Avalia\u00e7\u00e3o Institucional e de Cursos para a melhoria cont\u00ednua da qualidade acad\u00eamica.<br><\/p>\n\n\n\n<figure class=\"wp-block-image size-large\"><img loading=\"lazy\" decoding=\"async\" width=\"1024\" height=\"576\" src=\"http:\/\/cpa.uea.edu.br\/wp-content\/uploads\/2025\/02\/Imagem-do-WhatsApp-de-2025-02-25-as-11.08.30_50192e37-1024x576.jpg\" alt=\"\" class=\"wp-image-1920\" srcset=\"http:\/\/cpa.uea.edu.br\/wp-content\/uploads\/2025\/02\/Imagem-do-WhatsApp-de-2025-02-25-as-11.08.30_50192e37-1024x576.jpg 1024w, http:\/\/cpa.uea.edu.br\/wp-content\/uploads\/2025\/02\/Imagem-do-WhatsApp-de-2025-02-25-as-11.08.30_50192e37-300x169.jpg 300w, http:\/\/cpa.uea.edu.br\/wp-content\/uploads\/2025\/02\/Imagem-do-WhatsApp-de-2025-02-25-as-11.08.30_50192e37-768x432.jpg 768w, http:\/\/cpa.uea.edu.br\/wp-content\/uploads\/2025\/02\/Imagem-do-WhatsApp-de-2025-02-25-as-11.08.30_50192e37-1536x864.jpg 1536w, http:\/\/cpa.uea.edu.br\/wp-content\/uploads\/2025\/02\/Imagem-do-WhatsApp-de-2025-02-25-as-11.08.30_50192e37.jpg 1600w\" sizes=\"auto, (max-width: 1024px) 100vw, 1024px\" \/><\/figure>\n\n\n\n<figure class=\"wp-block-image size-large\"><img loading=\"lazy\" decoding=\"async\" width=\"1024\" height=\"576\" src=\"http:\/\/cpa.uea.edu.br\/wp-content\/uploads\/2025\/02\/Imagem-do-WhatsApp-de-2025-02-25-as-11.08.30_0d41d2cc-1024x576.jpg\" alt=\"\" class=\"wp-image-1921\" srcset=\"http:\/\/cpa.uea.edu.br\/wp-content\/uploads\/2025\/02\/Imagem-do-WhatsApp-de-2025-02-25-as-11.08.30_0d41d2cc-1024x576.jpg 1024w, http:\/\/cpa.uea.edu.br\/wp-content\/uploads\/2025\/02\/Imagem-do-WhatsApp-de-2025-02-25-as-11.08.30_0d41d2cc-300x169.jpg 300w, http:\/\/cpa.uea.edu.br\/wp-content\/uploads\/2025\/02\/Imagem-do-WhatsApp-de-2025-02-25-as-11.08.30_0d41d2cc-768x432.jpg 768w, http:\/\/cpa.uea.edu.br\/wp-content\/uploads\/2025\/02\/Imagem-do-WhatsApp-de-2025-02-25-as-11.08.30_0d41d2cc-1536x864.jpg 1536w, http:\/\/cpa.uea.edu.br\/wp-content\/uploads\/2025\/02\/Imagem-do-WhatsApp-de-2025-02-25-as-11.08.30_0d41d2cc.jpg 1600w\" sizes=\"auto, (max-width: 1024px) 100vw, 1024px\" \/><\/figure>\n\n\n\n<p><br><br><br><\/p>\n","protected":false},"excerpt":{"rendered":"<p>Durante a reuni\u00e3o entre a PROINT e a Coordena\u00e7\u00e3o dos Cursos Modulados\/Mediados, a presidente da CPA, acompanhada pelo corpo t\u00e9cnico da comiss\u00e3o, apresentou a estrutura e as atividades da CPA. Na ocasi\u00e3o, foi destacada a import\u00e2ncia da Avalia\u00e7\u00e3o Institucional e de Cursos para a melhoria cont\u00ednua da qualidade acad\u00eamica.<\/p>\n","protected":false},"author":5,"featured_media":1921,"comment_status":"open","ping_status":"open","sticky":false,"template":"","format":"standard","meta":{"footnotes":""},"categories":[13],"tags":[],"class_list":["post-1919","post","type-post","status-publish","format-standard","has-post-thumbnail","hentry","category-integracao"],"blocksy_meta":[],"aioseo_notices":[],"_links":{"self":[{"href":"http:\/\/cpa.uea.edu.br\/index.php\/wp-json\/wp\/v2\/posts\/1919","targetHints":{"allow":["GET"]}}],"collection":[{"href":"http:\/\/cpa.uea.edu.br\/index.php\/wp-json\/wp\/v2\/posts"}],"about":[{"href":"http:\/\/cpa.uea.edu.br\/index.php\/wp-json\/wp\/v2\/types\/post"}],"author":[{"embeddable":true,"href":"http:\/\/cpa.uea.edu.br\/index.php\/wp-json\/wp\/v2\/users\/5"}],"replies":[{"embeddable":true,"href":"http:\/\/cpa.uea.edu.br\/index.php\/wp-json\/wp\/v2\/comments?post=1919"}],"version-history":[{"count":2,"href":"http:\/\/cpa.uea.edu.br\/index.php\/wp-json\/wp\/v2\/posts\/1919\/revisions"}],"predecessor-version":[{"id":1923,"href":"http:\/\/cpa.uea.edu.br\/index.php\/wp-json\/wp\/v2\/posts\/1919\/revisions\/1923"}],"wp:featuredmedia":[{"embeddable":true,"href":"http:\/\/cpa.uea.edu.br\/index.php\/wp-json\/wp\/v2\/media\/1921"}],"wp:attachment":[{"href":"http:\/\/cpa.uea.edu.br\/index.php\/wp-json\/wp\/v2\/media?parent=1919"}],"wp:term":[{"taxonomy":"category","embeddable":true,"href":"http:\/\/cpa.uea.edu.br\/index.php\/wp-json\/wp\/v2\/categories?post=1919"},{"taxonomy":"post_tag","embeddable":true,"href":"http:\/\/cpa.uea.edu.br\/index.php\/wp-json\/wp\/v2\/tags?post=1919"}],"curies":[{"name":"wp","href":"https:\/\/api.w.org\/{rel}","templated":true}]}}