{"id":1067,"date":"2023-11-07T16:24:54","date_gmt":"2023-11-07T19:24:54","guid":{"rendered":"http:\/\/cpa.uea.edu.br\/?p=1067"},"modified":"2023-11-07T16:24:57","modified_gmt":"2023-11-07T19:24:57","slug":"reuniao-online-sobre-a-avaliacao-externa-para-renovacao-de-reconhecimento-de-cursos","status":"publish","type":"post","link":"http:\/\/cpa.uea.edu.br\/index.php\/2023\/11\/07\/reuniao-online-sobre-a-avaliacao-externa-para-renovacao-de-reconhecimento-de-cursos\/","title":{"rendered":"Reuni\u00e3o online sobre a Avalia\u00e7\u00e3o Externa para Renova\u00e7\u00e3o de Reconhecimento de Cursos"},"content":{"rendered":"\n<figure class=\"wp-block-image size-large\"><img loading=\"lazy\" decoding=\"async\" width=\"1024\" height=\"640\" src=\"http:\/\/cpa.uea.edu.br\/wp-content\/uploads\/2023\/11\/Noticia-4-Foto-6-1-1024x640.jpg\" alt=\"\" class=\"wp-image-1070\" srcset=\"http:\/\/cpa.uea.edu.br\/wp-content\/uploads\/2023\/11\/Noticia-4-Foto-6-1-1024x640.jpg 1024w, http:\/\/cpa.uea.edu.br\/wp-content\/uploads\/2023\/11\/Noticia-4-Foto-6-1-300x188.jpg 300w, http:\/\/cpa.uea.edu.br\/wp-content\/uploads\/2023\/11\/Noticia-4-Foto-6-1-768x480.jpg 768w, http:\/\/cpa.uea.edu.br\/wp-content\/uploads\/2023\/11\/Noticia-4-Foto-6-1.jpg 1440w\" sizes=\"auto, (max-width: 1024px) 100vw, 1024px\" \/><\/figure>\n\n\n\n<div class=\"wp-block-stackable-text stk-block-text stk-block stk-b5c1f23\" data-block-id=\"b5c1f23\"><p class=\"stk-block-text__text\">Reuni\u00e3o online sobre a Avalia\u00e7\u00e3o Externa para Renova\u00e7\u00e3o de Reconhecimento de Cursos&nbsp; realizada pelo Corpo T\u00e9cnico da CPA e os membros da Subcomiss\u00e3o Pr\u00f3pria de Avalia\u00e7\u00e3o da EST, com a participa\u00e7\u00e3o do coordenador de Qualidade da ENS.<\/p><\/div>\n","protected":false},"excerpt":{"rendered":"<p>Reuni\u00e3o online sobre a Avalia\u00e7\u00e3o Externa para Renova\u00e7\u00e3o de Reconhecimento de Cursos&nbsp; realizada pelo Corpo T\u00e9cnico da CPA e os membros da Subcomiss\u00e3o Pr\u00f3pria de Avalia\u00e7\u00e3o da EST, com a participa\u00e7\u00e3o do coordenador de Qualidade da ENS.<\/p>\n","protected":false},"author":2,"featured_media":1065,"comment_status":"open","ping_status":"open","sticky":false,"template":"","format":"standard","meta":{"footnotes":""},"categories":[1],"tags":[],"class_list":["post-1067","post","type-post","status-publish","format-standard","has-post-thumbnail","hentry","category-sem-categoria"],"blocksy_meta":[],"aioseo_notices":[],"_links":{"self":[{"href":"http:\/\/cpa.uea.edu.br\/index.php\/wp-json\/wp\/v2\/posts\/1067","targetHints":{"allow":["GET"]}}],"collection":[{"href":"http:\/\/cpa.uea.edu.br\/index.php\/wp-json\/wp\/v2\/posts"}],"about":[{"href":"http:\/\/cpa.uea.edu.br\/index.php\/wp-json\/wp\/v2\/types\/post"}],"author":[{"embeddable":true,"href":"http:\/\/cpa.uea.edu.br\/index.php\/wp-json\/wp\/v2\/users\/2"}],"replies":[{"embeddable":true,"href":"http:\/\/cpa.uea.edu.br\/index.php\/wp-json\/wp\/v2\/comments?post=1067"}],"version-history":[{"count":2,"href":"http:\/\/cpa.uea.edu.br\/index.php\/wp-json\/wp\/v2\/posts\/1067\/revisions"}],"predecessor-version":[{"id":1071,"href":"http:\/\/cpa.uea.edu.br\/index.php\/wp-json\/wp\/v2\/posts\/1067\/revisions\/1071"}],"wp:featuredmedia":[{"embeddable":true,"href":"http:\/\/cpa.uea.edu.br\/index.php\/wp-json\/wp\/v2\/media\/1065"}],"wp:attachment":[{"href":"http:\/\/cpa.uea.edu.br\/index.php\/wp-json\/wp\/v2\/media?parent=1067"}],"wp:term":[{"taxonomy":"category","embeddable":true,"href":"http:\/\/cpa.uea.edu.br\/index.php\/wp-json\/wp\/v2\/categories?post=1067"},{"taxonomy":"post_tag","embeddable":true,"href":"http:\/\/cpa.uea.edu.br\/index.php\/wp-json\/wp\/v2\/tags?post=1067"}],"curies":[{"name":"wp","href":"https:\/\/api.w.org\/{rel}","templated":true}]}}