{"id":1039,"date":"2023-11-07T14:44:28","date_gmt":"2023-11-07T17:44:28","guid":{"rendered":"http:\/\/cpa.uea.edu.br\/?p=1039"},"modified":"2025-10-16T14:16:26","modified_gmt":"2025-10-16T17:16:26","slug":"voce-sabia-que-a-uea-tem-a-comissao-propria-de-avaliacao-cpa","status":"publish","type":"post","link":"http:\/\/cpa.uea.edu.br\/index.php\/2023\/11\/07\/voce-sabia-que-a-uea-tem-a-comissao-propria-de-avaliacao-cpa\/","title":{"rendered":"Voc\u00ea sabia que a UEA tem a Comiss\u00e3o Pr\u00f3pria de Avalia\u00e7\u00e3o (CPA)?"},"content":{"rendered":"\n<figure class=\"wp-block-image size-large\"><img loading=\"lazy\" decoding=\"async\" width=\"1024\" height=\"1019\" src=\"http:\/\/cpa.uea.edu.br\/wp-content\/uploads\/2023\/11\/Noticia-1-foto-2-1024x1019.jpg\" alt=\"\" class=\"wp-image-1044\" srcset=\"http:\/\/cpa.uea.edu.br\/wp-content\/uploads\/2023\/11\/Noticia-1-foto-2-1024x1019.jpg 1024w, http:\/\/cpa.uea.edu.br\/wp-content\/uploads\/2023\/11\/Noticia-1-foto-2-300x300.jpg 300w, http:\/\/cpa.uea.edu.br\/wp-content\/uploads\/2023\/11\/Noticia-1-foto-2-150x150.jpg 150w, http:\/\/cpa.uea.edu.br\/wp-content\/uploads\/2023\/11\/Noticia-1-foto-2-768x764.jpg 768w, http:\/\/cpa.uea.edu.br\/wp-content\/uploads\/2023\/11\/Noticia-1-foto-2.jpg 1079w\" sizes=\"auto, (max-width: 1024px) 100vw, 1024px\" \/><\/figure>\n\n\n\n<div class=\"wp-block-stackable-text stk-block-text stk-block stk-3eb97f3\" data-block-id=\"3eb97f3\"><p class=\"stk-block-text__text\">A Comiss\u00e3o Pr\u00f3pria de Avalia\u00e7\u00e3o (CPA\/UEA) \u00e9 respons\u00e1vel por coordenar a autoavalia\u00e7\u00e3o institucional desde a elabora\u00e7\u00e3o do m\u00e9todo, implementa\u00e7\u00e3o e sistematiza\u00e7\u00e3o dos resultados at\u00e9 a realiza\u00e7\u00e3o do Relat\u00f3rio Anual de Avalia\u00e7\u00e3o Institucional<strong>.<\/strong><\/p><\/div>\n","protected":false},"excerpt":{"rendered":"<p>A Comiss\u00e3o Pr\u00f3pria de Avalia\u00e7\u00e3o (CPA\/UEA) \u00e9 respons\u00e1vel por coordenar a autoavalia\u00e7\u00e3o institucional desde a elabora\u00e7\u00e3o do m\u00e9todo, implementa\u00e7\u00e3o e sistematiza\u00e7\u00e3o dos resultados at\u00e9 a realiza\u00e7\u00e3o do Relat\u00f3rio Anual de Avalia\u00e7\u00e3o Institucional.<\/p>\n","protected":false},"author":2,"featured_media":1038,"comment_status":"open","ping_status":"open","sticky":false,"template":"","format":"standard","meta":{"footnotes":""},"categories":[12],"tags":[],"class_list":["post-1039","post","type-post","status-publish","format-standard","has-post-thumbnail","hentry","category-institucional"],"blocksy_meta":[],"aioseo_notices":[],"_links":{"self":[{"href":"http:\/\/cpa.uea.edu.br\/index.php\/wp-json\/wp\/v2\/posts\/1039","targetHints":{"allow":["GET"]}}],"collection":[{"href":"http:\/\/cpa.uea.edu.br\/index.php\/wp-json\/wp\/v2\/posts"}],"about":[{"href":"http:\/\/cpa.uea.edu.br\/index.php\/wp-json\/wp\/v2\/types\/post"}],"author":[{"embeddable":true,"href":"http:\/\/cpa.uea.edu.br\/index.php\/wp-json\/wp\/v2\/users\/2"}],"replies":[{"embeddable":true,"href":"http:\/\/cpa.uea.edu.br\/index.php\/wp-json\/wp\/v2\/comments?post=1039"}],"version-history":[{"count":4,"href":"http:\/\/cpa.uea.edu.br\/index.php\/wp-json\/wp\/v2\/posts\/1039\/revisions"}],"predecessor-version":[{"id":2041,"href":"http:\/\/cpa.uea.edu.br\/index.php\/wp-json\/wp\/v2\/posts\/1039\/revisions\/2041"}],"wp:featuredmedia":[{"embeddable":true,"href":"http:\/\/cpa.uea.edu.br\/index.php\/wp-json\/wp\/v2\/media\/1038"}],"wp:attachment":[{"href":"http:\/\/cpa.uea.edu.br\/index.php\/wp-json\/wp\/v2\/media?parent=1039"}],"wp:term":[{"taxonomy":"category","embeddable":true,"href":"http:\/\/cpa.uea.edu.br\/index.php\/wp-json\/wp\/v2\/categories?post=1039"},{"taxonomy":"post_tag","embeddable":true,"href":"http:\/\/cpa.uea.edu.br\/index.php\/wp-json\/wp\/v2\/tags?post=1039"}],"curies":[{"name":"wp","href":"https:\/\/api.w.org\/{rel}","templated":true}]}}